{"id":6543,"date":"2024-05-29T15:24:36","date_gmt":"2024-05-29T18:24:36","guid":{"rendered":"https:\/\/10.6.206.88\/portal\/?p=6543"},"modified":"2024-05-29T15:24:36","modified_gmt":"2024-05-29T18:24:36","slug":"hospital-base-valdivia-implementa-medidas-de-prevencion-para-reducir-contagios-por-enfermedades-respiratorias","status":"publish","type":"post","link":"https:\/\/www.hbvaldivia.cl\/portal\/index.php\/2024\/05\/29\/hospital-base-valdivia-implementa-medidas-de-prevencion-para-reducir-contagios-por-enfermedades-respiratorias\/","title":{"rendered":"Hospital Base Valdivia implementa medidas de prevenci\u00f3n para reducir contagios por enfermedades respiratorias"},"content":{"rendered":"\n<p class=\"has-text-align-center\"><strong>Las medidas tienen relaci\u00f3n con la reducci\u00f3n de visitas a una persona por paciente en todos los servicios del establecimiento; y el uso obligatorio de mascarilla para funcionarios en atenci\u00f3n cl\u00ednica, visitas y acompa\u00f1antes.<\/strong><\/p>\n\n\n<div class=\"wp-block-image\">\n<figure class=\"aligncenter size-large is-resized\"><img fetchpriority=\"high\" decoding=\"async\" width=\"1024\" height=\"768\" src=\"https:\/\/10.6.206.88\/portal\/wp-content\/uploads\/2024\/05\/contexto-2-1-1024x768.jpeg\" alt=\"\" class=\"wp-image-6545\" style=\"width:704px;height:auto\" srcset=\"https:\/\/www.hbvaldivia.cl\/portal\/wp-content\/uploads\/2024\/05\/contexto-2-1-1024x768.jpeg 1024w, https:\/\/www.hbvaldivia.cl\/portal\/wp-content\/uploads\/2024\/05\/contexto-2-1-300x225.jpeg 300w, https:\/\/www.hbvaldivia.cl\/portal\/wp-content\/uploads\/2024\/05\/contexto-2-1-267x200.jpeg 267w, https:\/\/www.hbvaldivia.cl\/portal\/wp-content\/uploads\/2024\/05\/contexto-2-1.jpeg 1280w\" sizes=\"(max-width: 1024px) 100vw, 1024px\" \/><\/figure><\/div>\n\n\n<p>Con el objetivo de prevenir contagios por enfermedades respiratorias dentro del establecimiento, el Hospital Base Valdivia (HBV) se encuentra implementando una serie de medidas que comenzar\u00e1n a regir a partir de hoy mi\u00e9rcoles 29 de mayo.<\/p>\n\n\n\n<p>Una de ellas es la reducci\u00f3n del acceso a visitas en todos los servicios cl\u00ednicos del hospital, <strong>permitiendo s\u00f3lo el ingreso de un acompa\u00f1ante<\/strong>, en lo posible siempre la misma persona.<\/p>\n\n\n\n<p>Por otra parte, se estableci\u00f3 el <strong>uso obligatorio de mascarilla para funcionarios <\/strong>que se desempe\u00f1an en la atenci\u00f3n cl\u00ednica y personal administrativo que acceda a estas \u00e1reas. Tambi\u00e9n ser\u00e1 <strong>obligatoria para visitas y acompa\u00f1antes<\/strong>. Se mantiene el uso de mascarilla obligatorio en los servicios de urgencia del establecimiento.<\/p>\n\n\n\n<p>De la misma manera, se mantendr\u00e1 l<strong>a vigilancia y detecci\u00f3n precoz de personas sintom\u00e1ticas <\/strong>respiratorias, tanto para funcionarios que se desempe\u00f1an en \u00e1reas cl\u00ednicas, como para usuarios que ingresan al hospital, visitas o acompa\u00f1antes.<\/p>\n\n\n\n<p>Todas estas medidas se ir\u00e1n evaluando semanalmente de acuerdo a la situaci\u00f3n epidemiol\u00f3gica regional, y la vigencia de ellas se ir\u00e1 informando oportunamente a trav\u00e9s de los canales oficiales del Hospital Base Valdivia.<\/p>\n\n\n\n<p>Finalmente, se reitera el llamado permanente a sumarse a las medidas de prevenci\u00f3n relacionadas con el lavado frecuente de manos y uso de alcohol gel, para prevenir el contagio por enfermedades respiratorias.&nbsp;<\/p>\n\n\n<div class=\"wp-block-image\">\n<figure class=\"aligncenter size-large is-resized\"><img decoding=\"async\" width=\"1024\" height=\"710\" src=\"https:\/\/10.6.206.88\/portal\/wp-content\/uploads\/2024\/05\/contexto-1-1024x710.jpeg\" alt=\"\" class=\"wp-image-6546\" style=\"width:783px;height:auto\" srcset=\"https:\/\/www.hbvaldivia.cl\/portal\/wp-content\/uploads\/2024\/05\/contexto-1-1024x710.jpeg 1024w, https:\/\/www.hbvaldivia.cl\/portal\/wp-content\/uploads\/2024\/05\/contexto-1-300x208.jpeg 300w, https:\/\/www.hbvaldivia.cl\/portal\/wp-content\/uploads\/2024\/05\/contexto-1-288x200.jpeg 288w, https:\/\/www.hbvaldivia.cl\/portal\/wp-content\/uploads\/2024\/05\/contexto-1.jpeg 1280w\" sizes=\"(max-width: 1024px) 100vw, 1024px\" \/><\/figure><\/div>","protected":false},"excerpt":{"rendered":"<p>Las medidas tienen relaci\u00f3n con la reducci\u00f3n de visitas a una persona por paciente en todos los servicios del establecimiento; y el uso obligatorio de mascarilla para funcionarios en atenci\u00f3n cl\u00ednica, visitas y acompa\u00f1antes. Con el objetivo de prevenir contagios por enfermedades respiratorias dentro del establecimiento, el Hospital Base Valdivia (HBV) se encuentra implementando una [&hellip;]<\/p>\n","protected":false},"author":17,"featured_media":6548,"comment_status":"open","ping_status":"open","sticky":false,"template":"","format":"standard","meta":{"_acf_changed":false,"_uag_custom_page_level_css":"","footnotes":""},"categories":[5,1],"tags":[],"class_list":["post-6543","post","type-post","status-publish","format-standard","has-post-thumbnail","hentry","category-noticias","category-sin-categoria"],"acf":[],"uagb_featured_image_src":{"full":["https:\/\/www.hbvaldivia.cl\/portal\/wp-content\/uploads\/2024\/05\/contexto-2-2.jpeg",1280,960,false],"thumbnail":["https:\/\/www.hbvaldivia.cl\/portal\/wp-content\/uploads\/2024\/05\/contexto-2-2-150x150.jpeg",150,150,true],"medium":["https:\/\/www.hbvaldivia.cl\/portal\/wp-content\/uploads\/2024\/05\/contexto-2-2-300x225.jpeg",300,225,true],"medium_large":["https:\/\/www.hbvaldivia.cl\/portal\/wp-content\/uploads\/2024\/05\/contexto-2-2.jpeg",1280,960,false],"large":["https:\/\/www.hbvaldivia.cl\/portal\/wp-content\/uploads\/2024\/05\/contexto-2-2-1024x768.jpeg",1024,768,true],"1536x1536":["https:\/\/www.hbvaldivia.cl\/portal\/wp-content\/uploads\/2024\/05\/contexto-2-2.jpeg",1280,960,false],"2048x2048":["https:\/\/www.hbvaldivia.cl\/portal\/wp-content\/uploads\/2024\/05\/contexto-2-2.jpeg",1280,960,false],"list_articles_thumbs":["https:\/\/www.hbvaldivia.cl\/portal\/wp-content\/uploads\/2024\/05\/contexto-2-2-400x400.jpeg",400,400,true],"slider_thumbs":["https:\/\/www.hbvaldivia.cl\/portal\/wp-content\/uploads\/2024\/05\/contexto-2-2-267x200.jpeg",267,200,true]},"uagb_author_info":{"display_name":"Barbara Vega","author_link":"https:\/\/www.hbvaldivia.cl\/portal\/index.php\/author\/barbara-vega-ssvredsalud-gob-cl\/"},"uagb_comment_info":0,"uagb_excerpt":"Las medidas tienen relaci\u00f3n con la reducci\u00f3n de visitas a una persona por paciente en todos los servicios del establecimiento; y el uso obligatorio de mascarilla para funcionarios en atenci\u00f3n cl\u00ednica, visitas y acompa\u00f1antes. Con el objetivo de prevenir contagios por enfermedades respiratorias dentro del establecimiento, el Hospital Base Valdivia (HBV) se encuentra implementando una&hellip;","_links":{"self":[{"href":"https:\/\/www.hbvaldivia.cl\/portal\/index.php\/wp-json\/wp\/v2\/posts\/6543","targetHints":{"allow":["GET"]}}],"collection":[{"href":"https:\/\/www.hbvaldivia.cl\/portal\/index.php\/wp-json\/wp\/v2\/posts"}],"about":[{"href":"https:\/\/www.hbvaldivia.cl\/portal\/index.php\/wp-json\/wp\/v2\/types\/post"}],"author":[{"embeddable":true,"href":"https:\/\/www.hbvaldivia.cl\/portal\/index.php\/wp-json\/wp\/v2\/users\/17"}],"replies":[{"embeddable":true,"href":"https:\/\/www.hbvaldivia.cl\/portal\/index.php\/wp-json\/wp\/v2\/comments?post=6543"}],"version-history":[{"count":2,"href":"https:\/\/www.hbvaldivia.cl\/portal\/index.php\/wp-json\/wp\/v2\/posts\/6543\/revisions"}],"predecessor-version":[{"id":6549,"href":"https:\/\/www.hbvaldivia.cl\/portal\/index.php\/wp-json\/wp\/v2\/posts\/6543\/revisions\/6549"}],"wp:featuredmedia":[{"embeddable":true,"href":"https:\/\/www.hbvaldivia.cl\/portal\/index.php\/wp-json\/wp\/v2\/media\/6548"}],"wp:attachment":[{"href":"https:\/\/www.hbvaldivia.cl\/portal\/index.php\/wp-json\/wp\/v2\/media?parent=6543"}],"wp:term":[{"taxonomy":"category","embeddable":true,"href":"https:\/\/www.hbvaldivia.cl\/portal\/index.php\/wp-json\/wp\/v2\/categories?post=6543"},{"taxonomy":"post_tag","embeddable":true,"href":"https:\/\/www.hbvaldivia.cl\/portal\/index.php\/wp-json\/wp\/v2\/tags?post=6543"}],"curies":[{"name":"wp","href":"https:\/\/api.w.org\/{rel}","templated":true}]}}