{"id":11266,"date":"2026-09-02T17:31:10","date_gmt":"2026-09-02T21:31:10","guid":{"rendered":"http:\/\/10.6.206.88\/portal\/?p=11266"},"modified":"2026-09-03T09:20:20","modified_gmt":"2026-09-03T13:20:20","slug":"hospital-base-de-valdivia-culmina-mes-de-la-lactancia-materna-marcado-por-actividades-de-educacion-y-promocion","status":"publish","type":"post","link":"https:\/\/www.hbvaldivia.cl\/portal\/index.php\/2026\/09\/02\/hospital-base-de-valdivia-culmina-mes-de-la-lactancia-materna-marcado-por-actividades-de-educacion-y-promocion\/","title":{"rendered":"Hospital Base de Valdivia culmina Mes de la Lactancia materna marcado por actividades de educaci\u00f3n y promoci\u00f3n"},"content":{"rendered":"<p style=\"text-align: center;\"><span style=\"font-size: 20px;\"><strong>Hospital Base de Valdivia culmina Mes de la Lactancia materna marcado por actividades de educaci\u00f3n y promoci\u00f3n<\/strong><\/span><\/p>\n<p><strong>Dirigidas a toda la comunidad de usuarios y funcionarios, durante agosto, el HBV desarroll\u00f3 diversas iniciativas de promoci\u00f3n y educaci\u00f3n en torno a los beneficios de la lactancia materna. El programa de actividades concluy\u00f3 con la capacitaci\u00f3n \u201cConocer y aprender sobre el Protocolo de Lactancia Materna HBV\u201d.<\/strong><\/p>\n<p style=\"text-align: center;\"><img fetchpriority=\"high\" decoding=\"async\" class=\"aligncenter  wp-image-11280\" src=\"http:\/\/10.6.206.88\/portal\/wp-content\/uploads\/2026\/09\/l2-1024x576.png\" alt=\"\" width=\"694\" height=\"390\" srcset=\"https:\/\/www.hbvaldivia.cl\/portal\/wp-content\/uploads\/2026\/09\/l2-1024x576.png 1024w, https:\/\/www.hbvaldivia.cl\/portal\/wp-content\/uploads\/2026\/09\/l2-300x169.png 300w, https:\/\/www.hbvaldivia.cl\/portal\/wp-content\/uploads\/2026\/09\/l2-1536x864.png 1536w, https:\/\/www.hbvaldivia.cl\/portal\/wp-content\/uploads\/2026\/09\/l2-356x200.png 356w, https:\/\/www.hbvaldivia.cl\/portal\/wp-content\/uploads\/2026\/09\/l2.png 1920w\" sizes=\"(max-width: 694px) 100vw, 694px\" \/><\/p>\n<p style=\"text-align: justify;\">Bajo un enfoque de desarrollo comunitario en salud, \u00a0concluyeron las actividades desarrolladas por el <strong>Hospital Base Valdivia durante agosto en el marco del Mes de la Lactancia Materna<\/strong>, iniciativa que permiti\u00f3 acercar informaci\u00f3n a la poblaci\u00f3n usuarua y tambi\u00e9n fortalecer el trabajo de los equipos de salud en torno a la promoci\u00f3n, protecci\u00f3n y apoyo de la lactancia materna.<\/p>\n<p style=\"text-align: justify;\">Encabezado por el Comit\u00e9 de Lactancia Materna del HBV, el programa contempl\u00f3 distintas acciones, entre ellas stands educativos y jornadas de difusi\u00f3n dentro y fuera del establecimiento, adem\u00e1s de actividades desarrolladas en conjunto con estudiantes de la <strong>Universidad San Sebasti\u00e1n, sede Valdivia, y la Universidad Austral de Chile<\/strong>. El objetivo fue ampliar el alcance de la informaci\u00f3n y generar espacios para orientar a madres, familias y comunidad sobre los beneficios de la lactancia materna, as\u00ed como entregar herramientas pr\u00e1cticas para su adecuado desarrollo.<\/p>\n<p style=\"text-align: justify;\"><strong>Concurso fotogr\u00e1fico: experiencias que inspiran<\/strong><\/p>\n<p><img decoding=\"async\" class=\" wp-image-11271 alignleft\" style=\"text-align: justify;\" src=\"http:\/\/10.6.206.88\/portal\/wp-content\/uploads\/2026\/09\/WhatsApp-Image-2026-09-02-at-5.23.56-PM-1024x576.jpeg\" alt=\"\" width=\"361\" height=\"203\" srcset=\"https:\/\/www.hbvaldivia.cl\/portal\/wp-content\/uploads\/2026\/09\/WhatsApp-Image-2026-09-02-at-5.23.56-PM-1024x576.jpeg 1024w, https:\/\/www.hbvaldivia.cl\/portal\/wp-content\/uploads\/2026\/09\/WhatsApp-Image-2026-09-02-at-5.23.56-PM-300x169.jpeg 300w, https:\/\/www.hbvaldivia.cl\/portal\/wp-content\/uploads\/2026\/09\/WhatsApp-Image-2026-09-02-at-5.23.56-PM-1536x864.jpeg 1536w, https:\/\/www.hbvaldivia.cl\/portal\/wp-content\/uploads\/2026\/09\/WhatsApp-Image-2026-09-02-at-5.23.56-PM-356x200.jpeg 356w, https:\/\/www.hbvaldivia.cl\/portal\/wp-content\/uploads\/2026\/09\/WhatsApp-Image-2026-09-02-at-5.23.56-PM.jpeg 1600w\" sizes=\"(max-width: 361px) 100vw, 361px\" \/><\/p>\n<p style=\"text-align: justify;\">Como parte de las actividades, el HBV realiz\u00f3 un concurso fotogr\u00e1fico abierto a funcionarios y funcionarias y a la comunidad de la Regi\u00f3n de Los R\u00edos, bajo el lema <strong>\u201cLactancia materna: un inicio sostenible en cualquier circunstancia. Fortalezcamos las acciones que funcionan\u201d<\/strong>. La iniciativa permiti\u00f3 visibilizar experiencias personales y familiares vinculadas a la lactancia, con cuatro fotograf\u00edas premiadas.<\/p>\n<p style=\"text-align: justify;\">Entre las ganadoras estuvo <strong>Fantas\u00eda Past\u00e9n Conejeros<\/strong>, quien obtuvo el primer lugar en la categor\u00eda Comunidad con una fotograf\u00eda junto a su hijo, de 20 meses. \u201cApenas vi el concurso quise participar enseguida porque disfruto mucho la lactancia con mi beb\u00e9\u201d, se\u00f1al\u00f3, destacando adem\u00e1s la importancia de continuar entregando informaci\u00f3n para derribar mitos en torno a la lactancia.<\/p>\n<p style=\"text-align: justify;\"><strong>Fortalecimiento de los equipos<\/strong><\/p>\n<p style=\"text-align: justify;\">El cierre del programa estuvo marcado por la capacitaci\u00f3n <strong>\u201cConocer y aprender sobre el Protocolo de Lactancia Materna HBV\u201d<\/strong>, realizada el 25 y 26 de agosto y dirigida a funcionarios t\u00e9cnicos y profesionales del establecimiento que se desempe\u00f1an en atenci\u00f3n a mujeres que amamantan. La actividad contempl\u00f3 <strong>20 horas de certificaci\u00f3n<\/strong> y reuni\u00f3 a 32 participantes de \u00e1reas como Obstetricia, Ginecolog\u00eda, Partos, Neonatolog\u00eda, Jard\u00edn Infantil Bambi y Sedile.<\/p>\n<p style=\"text-align: justify;\"><img decoding=\"async\" class=\" wp-image-11279 alignright\" src=\"http:\/\/10.6.206.88\/portal\/wp-content\/uploads\/2026\/09\/l3-1024x576.png\" alt=\"\" width=\"456\" height=\"256\" srcset=\"https:\/\/www.hbvaldivia.cl\/portal\/wp-content\/uploads\/2026\/09\/l3-1024x576.png 1024w, https:\/\/www.hbvaldivia.cl\/portal\/wp-content\/uploads\/2026\/09\/l3-300x169.png 300w, https:\/\/www.hbvaldivia.cl\/portal\/wp-content\/uploads\/2026\/09\/l3-1536x864.png 1536w, https:\/\/www.hbvaldivia.cl\/portal\/wp-content\/uploads\/2026\/09\/l3-356x200.png 356w, https:\/\/www.hbvaldivia.cl\/portal\/wp-content\/uploads\/2026\/09\/l3.png 1920w\" sizes=\"(max-width: 456px) 100vw, 456px\" \/>La capacitaci\u00f3n incorpor\u00f3 una mirada interdisciplinaria, con exposiciones de profesionales de <strong>Matroner\u00eda, Enfermer\u00eda, Nutrici\u00f3n, Fonoaudiolog\u00eda, Terapia Ocupacional, Psicolog\u00eda, Psiquiatr\u00eda y Pediatr\u00eda<\/strong>, fortaleciendo conocimientos y herramientas para el acompa\u00f1amiento de las madres y sus familias.<\/p>\n<p style=\"text-align: justify;\">La matrona <strong>Evelyn C\u00e1rdenas, jefa de Bloque de Urgencia Gineco-Obst\u00e9trica<\/strong>, valor\u00f3 positivamente el desarrollo del programa y destac\u00f3 el compromiso de los equipos que participaron. \u201cEstamos muy contentos con el desarrollo de este mes, porque logramos visibilizar la importancia de la lactancia materna tanto dentro como fuera del hospital. Quiero agradecer especialmente a todos los estamentos que participaron y al Comit\u00e9 de Lactancia Materna, que es interdisciplinario y re\u00fane a matrones, enfermeras y t\u00e9cnicos\u201d, se\u00f1al\u00f3.<\/p>\n<p style=\"text-align: justify;\">De esta manera, el HBV culmin\u00f3 un mes de actividades que combin\u00f3 <strong>educaci\u00f3n, promoci\u00f3n y vinculaci\u00f3n con la comunidad<\/strong>, junto con el fortalecimiento de las capacidades de sus propios equipos, reafirmando el compromiso institucional con el apoyo a la lactancia materna y el bienestar de madres, ni\u00f1os y ni\u00f1as.<\/p>\n<p>&nbsp;<\/p>\n<p><img loading=\"lazy\" decoding=\"async\" class=\"aligncenter  wp-image-11277\" src=\"http:\/\/10.6.206.88\/portal\/wp-content\/uploads\/2026\/09\/l-1024x576.png\" alt=\"\" width=\"711\" height=\"400\" srcset=\"https:\/\/www.hbvaldivia.cl\/portal\/wp-content\/uploads\/2026\/09\/l-1024x576.png 1024w, https:\/\/www.hbvaldivia.cl\/portal\/wp-content\/uploads\/2026\/09\/l-300x169.png 300w, https:\/\/www.hbvaldivia.cl\/portal\/wp-content\/uploads\/2026\/09\/l-1536x864.png 1536w, https:\/\/www.hbvaldivia.cl\/portal\/wp-content\/uploads\/2026\/09\/l-356x200.png 356w, https:\/\/www.hbvaldivia.cl\/portal\/wp-content\/uploads\/2026\/09\/l.png 1920w\" sizes=\"(max-width: 711px) 100vw, 711px\" \/><\/p>\n<p>&nbsp;<\/p>\n<p><img loading=\"lazy\" decoding=\"async\" class=\"aligncenter  wp-image-11283\" src=\"http:\/\/10.6.206.88\/portal\/wp-content\/uploads\/2026\/09\/l4-1024x576.png\" alt=\"\" width=\"712\" height=\"400\" srcset=\"https:\/\/www.hbvaldivia.cl\/portal\/wp-content\/uploads\/2026\/09\/l4-1024x576.png 1024w, https:\/\/www.hbvaldivia.cl\/portal\/wp-content\/uploads\/2026\/09\/l4-300x169.png 300w, https:\/\/www.hbvaldivia.cl\/portal\/wp-content\/uploads\/2026\/09\/l4-1536x864.png 1536w, https:\/\/www.hbvaldivia.cl\/portal\/wp-content\/uploads\/2026\/09\/l4-356x200.png 356w, https:\/\/www.hbvaldivia.cl\/portal\/wp-content\/uploads\/2026\/09\/l4.png 1920w\" sizes=\"(max-width: 712px) 100vw, 712px\" \/><\/p>\n<p>&nbsp;<\/p>\n<p>&nbsp;<\/p>\n","protected":false},"excerpt":{"rendered":"<p>Hospital Base de Valdivia culmina Mes de la Lactancia materna marcado por actividades de educaci\u00f3n y promoci\u00f3n Dirigidas a toda la comunidad de usuarios y funcionarios, durante agosto, el HBV desarroll\u00f3 diversas iniciativas de promoci\u00f3n y educaci\u00f3n en torno a los beneficios de la lactancia materna. El programa de actividades concluy\u00f3 con la capacitaci\u00f3n \u201cConocer [&hellip;]<\/p>\n","protected":false},"author":17,"featured_media":11267,"comment_status":"open","ping_status":"open","sticky":false,"template":"","format":"standard","meta":{"_acf_changed":false,"_uag_custom_page_level_css":"","footnotes":""},"categories":[1],"tags":[],"class_list":["post-11266","post","type-post","status-publish","format-standard","has-post-thumbnail","hentry","category-sin-categoria"],"acf":[],"uagb_featured_image_src":{"full":["https:\/\/www.hbvaldivia.cl\/portal\/wp-content\/uploads\/2026\/09\/IMG-20260902-WA0025-e1788384899169.jpg",865,564,false],"thumbnail":["https:\/\/www.hbvaldivia.cl\/portal\/wp-content\/uploads\/2026\/09\/IMG-20260902-WA0025-e1788384899169-150x150.jpg",150,150,true],"medium":["https:\/\/www.hbvaldivia.cl\/portal\/wp-content\/uploads\/2026\/09\/IMG-20260902-WA0025-e1788384899169-300x196.jpg",300,196,true],"medium_large":["https:\/\/www.hbvaldivia.cl\/portal\/wp-content\/uploads\/2026\/09\/IMG-20260902-WA0025-e1788384899169.jpg",865,564,false],"large":["https:\/\/www.hbvaldivia.cl\/portal\/wp-content\/uploads\/2026\/09\/IMG-20260902-WA0025-576x1024.jpg",576,1024,true],"1536x1536":["https:\/\/www.hbvaldivia.cl\/portal\/wp-content\/uploads\/2026\/09\/IMG-20260902-WA0025-864x1536.jpg",864,1536,true],"2048x2048":["https:\/\/www.hbvaldivia.cl\/portal\/wp-content\/uploads\/2026\/09\/IMG-20260902-WA0025-e1788384899169.jpg",865,564,false],"list_articles_thumbs":["https:\/\/www.hbvaldivia.cl\/portal\/wp-content\/uploads\/2026\/09\/IMG-20260902-WA0025-e1788384899169-400x400.jpg",400,400,true],"slider_thumbs":["https:\/\/www.hbvaldivia.cl\/portal\/wp-content\/uploads\/2026\/09\/IMG-20260902-WA0025-e1788384899169-307x200.jpg",307,200,true]},"uagb_author_info":{"display_name":"Barbara Vega","author_link":"https:\/\/www.hbvaldivia.cl\/portal\/index.php\/author\/barbara-vega-ssvredsalud-gob-cl\/"},"uagb_comment_info":0,"uagb_excerpt":"Hospital Base de Valdivia culmina Mes de la Lactancia materna marcado por actividades de educaci\u00f3n y promoci\u00f3n Dirigidas a toda la comunidad de usuarios y funcionarios, durante agosto, el HBV desarroll\u00f3 diversas iniciativas de promoci\u00f3n y educaci\u00f3n en torno a los beneficios de la lactancia materna. El programa de actividades concluy\u00f3 con la capacitaci\u00f3n \u201cConocer&hellip;","_links":{"self":[{"href":"https:\/\/www.hbvaldivia.cl\/portal\/index.php\/wp-json\/wp\/v2\/posts\/11266","targetHints":{"allow":["GET"]}}],"collection":[{"href":"https:\/\/www.hbvaldivia.cl\/portal\/index.php\/wp-json\/wp\/v2\/posts"}],"about":[{"href":"https:\/\/www.hbvaldivia.cl\/portal\/index.php\/wp-json\/wp\/v2\/types\/post"}],"author":[{"embeddable":true,"href":"https:\/\/www.hbvaldivia.cl\/portal\/index.php\/wp-json\/wp\/v2\/users\/17"}],"replies":[{"embeddable":true,"href":"https:\/\/www.hbvaldivia.cl\/portal\/index.php\/wp-json\/wp\/v2\/comments?post=11266"}],"version-history":[{"count":8,"href":"https:\/\/www.hbvaldivia.cl\/portal\/index.php\/wp-json\/wp\/v2\/posts\/11266\/revisions"}],"predecessor-version":[{"id":11284,"href":"https:\/\/www.hbvaldivia.cl\/portal\/index.php\/wp-json\/wp\/v2\/posts\/11266\/revisions\/11284"}],"wp:featuredmedia":[{"embeddable":true,"href":"https:\/\/www.hbvaldivia.cl\/portal\/index.php\/wp-json\/wp\/v2\/media\/11267"}],"wp:attachment":[{"href":"https:\/\/www.hbvaldivia.cl\/portal\/index.php\/wp-json\/wp\/v2\/media?parent=11266"}],"wp:term":[{"taxonomy":"category","embeddable":true,"href":"https:\/\/www.hbvaldivia.cl\/portal\/index.php\/wp-json\/wp\/v2\/categories?post=11266"},{"taxonomy":"post_tag","embeddable":true,"href":"https:\/\/www.hbvaldivia.cl\/portal\/index.php\/wp-json\/wp\/v2\/tags?post=11266"}],"curies":[{"name":"wp","href":"https:\/\/api.w.org\/{rel}","templated":true}]}}