{"id":11251,"date":"2026-08-28T16:19:16","date_gmt":"2026-08-28T20:19:16","guid":{"rendered":"http:\/\/10.6.206.88\/portal\/?p=11251"},"modified":"2026-08-31T17:34:40","modified_gmt":"2026-08-31T21:34:40","slug":"valdivia-fue-sede-de-la-segunda-jornada-de-humanizacion-en-salud-de-chile","status":"publish","type":"post","link":"https:\/\/www.hbvaldivia.cl\/portal\/index.php\/2026\/08\/28\/valdivia-fue-sede-de-la-segunda-jornada-de-humanizacion-en-salud-de-chile\/","title":{"rendered":"Valdivia fue sede de la Segunda Jornada de Humanizaci\u00f3n en Salud de Chile"},"content":{"rendered":"<p style=\"text-align: center;\"><span style=\"font-size: 22px;\"><strong>Valdivia fue sede de la Segunda Jornada de Humanizaci\u00f3n en Salud de Chile<\/strong><\/span><\/p>\n<p style=\"text-align: justify;\"><b>La instancia reuni\u00f3 a profesionales y equipos de salud de distintas regiones del pa\u00eds, junto a representantes del \u00e1mbito p\u00fablico y privado, la academia y sociedades cient\u00edficas, para compartir experiencias y reflexionar sobre los desaf\u00edos de avanzar hacia una atenci\u00f3n m\u00e1s cercana y centrada en las personas.<\/b><\/p>\n<p><img fetchpriority=\"high\" decoding=\"async\" class=\"aligncenter  wp-image-11252\" src=\"http:\/\/10.6.206.88\/portal\/wp-content\/uploads\/2026\/08\/JORNADA-HUMA-1024x530.jpeg\" alt=\"\" width=\"744\" height=\"385\" srcset=\"https:\/\/www.hbvaldivia.cl\/portal\/wp-content\/uploads\/2026\/08\/JORNADA-HUMA-1024x530.jpeg 1024w, https:\/\/www.hbvaldivia.cl\/portal\/wp-content\/uploads\/2026\/08\/JORNADA-HUMA-300x155.jpeg 300w, https:\/\/www.hbvaldivia.cl\/portal\/wp-content\/uploads\/2026\/08\/JORNADA-HUMA-1536x795.jpeg 1536w, https:\/\/www.hbvaldivia.cl\/portal\/wp-content\/uploads\/2026\/08\/JORNADA-HUMA-387x200.jpeg 387w, https:\/\/www.hbvaldivia.cl\/portal\/wp-content\/uploads\/2026\/08\/JORNADA-HUMA.jpeg 1558w\" sizes=\"(max-width: 744px) 100vw, 744px\" \/><\/p>\n<p style=\"text-align: justify;\">Con el prop\u00f3sito de generar un espacio de encuentro, reflexi\u00f3n e intercambio de experiencias en torno a la humanizaci\u00f3n de la atenci\u00f3n, este jueves 28 de agosto se realiz\u00f3 en Valdivia la Segunda Jornada de Humanizaci\u00f3n en Salud de Chile, organizada por la <strong>Red de Humanizaci\u00f3n en Salud de Chile<\/strong> y coordinada localmente por el <strong>Comit\u00e9 de Humanizaci\u00f3n del Hospital Base Valdivia<\/strong>, con la colaboraci\u00f3n de la Universidad San Sebasti\u00e1n.<\/p>\n<p style=\"text-align: justify;\">La jornada contempl\u00f3 exposiciones y experiencias relacionadas con la humanizaci\u00f3n de la atenci\u00f3n, investigaci\u00f3n, gesti\u00f3n y liderazgo, y el cuidado de los equipos de salud, abordando distintos enfoques y experiencias desarrolladas en establecimientos y territorios del pa\u00eds.<\/p>\n<p style=\"text-align: justify;\">La actividad cont\u00f3 con 220 participantes de todo el pa\u00eds y convoc\u00f3 a profesionales y representantes de instituciones p\u00fablicas y privadas, organizaciones vinculadas al \u00e1mbito de la salud, sociedades cient\u00edficas, la academia y equipos de distintos establecimientos de salud.<\/p>\n<p style=\"text-align: justify;\">En la ceremonia inaugural estuvieron presentes, entre otras autoridades y representantes, el <strong>director (s) del Servicio de Salud Los R\u00edos, Erick Vargas Soto<\/strong>; el <strong>director del Servicio de Salud Araucan\u00eda Sur, Ren\u00e9 Lopetegui<\/strong>; <strong>el presidente de la Red de Humanizaci\u00f3n en Salud de Chile, Sergio K\u00f6nig<\/strong>; integrantes del Comit\u00e9 de Humanizaci\u00f3n del Hospital Base Valdivia; representantes de la Universidad San Sebasti\u00e1n, adem\u00e1s de profesionales y equipos de salud provenientes de distintos territorios del pa\u00eds.<\/p>\n<p><b>Humanizaci\u00f3n como parte de la calidad de la atenci\u00f3n<\/b><\/p>\n<p style=\"text-align: justify;\">La humanizaci\u00f3n en salud busca avanzar hacia un modelo de atenci\u00f3n que reconozca a las personas de manera integral, considerando no solo sus necesidades cl\u00ednicas, sino tambi\u00e9n sus dimensiones emocionales, sociales, familiares y humanas.<\/p>\n<p style=\"text-align: justify;\">En este sentido, el enfoque pone en el centro a pacientes, familias y equipos de salud, promoviendo una atenci\u00f3n digna, respetuosa, cercana y personalizada, junto con el fortalecimiento de espacios de trabajo que permitan cuidar a quienes tienen la responsabilidad de cuidar a otros.<\/p>\n<p style=\"text-align: justify;\">As\u00ed lo expres\u00f3 el\u00a0<b>presidente de la Red de Humanizaci\u00f3n en Salud de Chile,<\/b>\u00a0<b>Sergio K\u00f6nig<\/b>, quien destac\u00f3 que \u201cuna atenci\u00f3n de calidad no se puede basar solo en lo t\u00e9cnico. Podemos tener un hospital nuevo, con toda la tecnolog\u00eda, pero si la persona que te atendi\u00f3 lo hizo de mala manera, tu percepci\u00f3n ser\u00e1 que recibiste una mala atenci\u00f3n. Por eso es relevante preocuparnos de dise\u00f1ar experiencias para las personas y lograr que, incluso frente a situaciones dif\u00edciles, la atenci\u00f3n sea digna, respetuosa y humana. La humanizaci\u00f3n tambi\u00e9n est\u00e1 en esos peque\u00f1os detalles, como disponer de un espacio adecuado para comunicar una mala noticia, escuchar a una persona o tratarla con respeto. No siempre se requieren grandes recursos; se necesita voluntad y compromiso para avanzar hacia una cultura de humanizaci\u00f3n en salud\u201d.<\/p>\n<p style=\"text-align: justify;\">Por su parte, el\u00a0<b>director (s) del Servicio de Salud Los R\u00edos, Erick Vargas<\/b>, se\u00f1al\u00f3 que \u201cla humanizaci\u00f3n en salud nos plantea grandes desaf\u00edos y nos invita a mirar la realidad de nuestras redes, porque no basta con hablar de modelos o teor\u00edas si estos no logran hacerse realidad en los procesos de atenci\u00f3n. Necesitamos que la humanizaci\u00f3n se traduzca en pr\u00e1cticas concretas, en el trato que entregamos a las personas y en la forma en que acompa\u00f1amos a nuestros pacientes y sus familias. Por eso, valoramos profundamente estos espacios de encuentro entre la academia y la pr\u00e1ctica, que nos permiten reflexionar, compartir experiencias y avanzar hacia una atenci\u00f3n cada vez m\u00e1s cercana y centrada en las personas\u201d.<\/p>\n<p style=\"text-align: justify;\">La realizaci\u00f3n de esta jornada en Valdivia tambi\u00e9n permiti\u00f3 fortalecer el v\u00ednculo entre el sector salud y el \u00e1mbito acad\u00e9mico, generando un espacio de colaboraci\u00f3n, reflexi\u00f3n y formaci\u00f3n en torno a nuevos enfoques para la atenci\u00f3n de las personas.<\/p>\n<p style=\"text-align: justify;\">En la oportunidad, el <strong>vicerrector de la Universidad San Sebasti\u00e1n, Dr. Juan Andr\u00e9s Varas<\/strong>, expres\u00f3 que \u201ccomo Universidad San Sebasti\u00e1n valoramos profundamente que la II Jornada de la Red de Humanizaci\u00f3n en Salud de Chile se haya desarrollado en Valdivia, generando un espacio de encuentro, reflexi\u00f3n y aprendizaje en torno a un tema fundamental para la formaci\u00f3n y el ejercicio profesional en el \u00e1mbito de la salud. Instancias como esta permiten que nuestros estudiantes y acad\u00e9micos conozcan experiencias, compartan buenas pr\u00e1cticas y refuercen una mirada centrada en la dignidad y el bienestar de las personas. La humanizaci\u00f3n de la salud es un desaf\u00edo permanente, y por ello es importante que estos temas se aborden con profundidad y ocupen un lugar prioritario en la discusi\u00f3n y en las acciones concretas de las instituciones\u201d.<\/p>\n<p><b>Experiencia del Hospital Base Valdivia<\/b><\/p>\n<p style=\"text-align: justify;\"><img decoding=\"async\" class=\" wp-image-11255 alignright\" src=\"http:\/\/10.6.206.88\/portal\/wp-content\/uploads\/2026\/08\/segunda-jornada-humanizacion-6-1024x576.jpeg\" alt=\"\" width=\"369\" height=\"207\" srcset=\"https:\/\/www.hbvaldivia.cl\/portal\/wp-content\/uploads\/2026\/08\/segunda-jornada-humanizacion-6-1024x576.jpeg 1024w, https:\/\/www.hbvaldivia.cl\/portal\/wp-content\/uploads\/2026\/08\/segunda-jornada-humanizacion-6-300x169.jpeg 300w, https:\/\/www.hbvaldivia.cl\/portal\/wp-content\/uploads\/2026\/08\/segunda-jornada-humanizacion-6-1536x864.jpeg 1536w, https:\/\/www.hbvaldivia.cl\/portal\/wp-content\/uploads\/2026\/08\/segunda-jornada-humanizacion-6-356x200.jpeg 356w, https:\/\/www.hbvaldivia.cl\/portal\/wp-content\/uploads\/2026\/08\/segunda-jornada-humanizacion-6.jpeg 1600w\" sizes=\"(max-width: 369px) 100vw, 369px\" \/>En la Regi\u00f3n de Los R\u00edos, el Hospital Base Valdivia ha desarrollado desde 2021 una estrategia institucional de Humanizaci\u00f3n en Salud, orientada a entregar una atenci\u00f3n integral que considere no s\u00f3lo la condici\u00f3n cl\u00ednica, sino tambi\u00e9n las dimensiones emocionales, sociales, familiares y humanas de las personas.<\/p>\n<p style=\"text-align: justify;\">En el marco de la Segunda Jornada de Humanizaci\u00f3n en Salud, la experiencia desarrollada por el establecimiento fue presentada por la enfermera\u00a0<b>M\u00f3nica Monteiro, coordinadora del Comit\u00e9 de Humanizaci\u00f3n<\/b>, quien dio a conocer el trabajo impulsado por el hospital y las distintas iniciativas implementadas para avanzar hacia una atenci\u00f3n m\u00e1s integral y centrada en las personas.<\/p>\n<p style=\"text-align: justify;\"><img decoding=\"async\" class=\"wp-image-11256 alignleft\" src=\"http:\/\/10.6.206.88\/portal\/wp-content\/uploads\/2026\/08\/WhatsApp-Image-2026-08-31-at-4.54.02-PM-1024x576.jpeg\" alt=\"\" width=\"374\" height=\"210\" srcset=\"https:\/\/www.hbvaldivia.cl\/portal\/wp-content\/uploads\/2026\/08\/WhatsApp-Image-2026-08-31-at-4.54.02-PM-1024x576.jpeg 1024w, https:\/\/www.hbvaldivia.cl\/portal\/wp-content\/uploads\/2026\/08\/WhatsApp-Image-2026-08-31-at-4.54.02-PM-300x169.jpeg 300w, https:\/\/www.hbvaldivia.cl\/portal\/wp-content\/uploads\/2026\/08\/WhatsApp-Image-2026-08-31-at-4.54.02-PM-356x200.jpeg 356w, https:\/\/www.hbvaldivia.cl\/portal\/wp-content\/uploads\/2026\/08\/WhatsApp-Image-2026-08-31-at-4.54.02-PM.jpeg 1280w\" sizes=\"(max-width: 374px) 100vw, 374px\" \/>Asimismo, la\u00a0<b>directora (s) del Hospital Base Valdivia, doctora Maritza Navarrete<\/b>, particip\u00f3 de la jornada como parte de la Mesa de Directores \u201c\u00bfCu\u00e1l es el rol de los liderazgos en la gesti\u00f3n de la humanizaci\u00f3n?\u201d, instancia en la que destac\u00f3 la importancia de que quienes ejercen roles de liderazgo puedan trascender una mirada centrada exclusivamente en los aspectos t\u00e9cnicos y de gesti\u00f3n, desarrollando tambi\u00e9n una mayor sensibilidad frente a las necesidades de pacientes, familias y equipos de salud. En esta l\u00ednea, relev\u00f3 la importancia de que los liderazgos permitan aprender de sus comunidades y equipos, y acompa\u00f1ar los procesos de humanizaci\u00f3n que se desarrollan en los establecimientos.<\/p>\n<p style=\"text-align: justify;\">La Segunda Jornada de Humanizaci\u00f3n en Salud realizada en Valdivia se suma a otras instancias impulsadas por la Red, entre ellas el Congreso realizado en Temuco, la Primera Jornada de Humanizaci\u00f3n en Salud en Concepci\u00f3n y el Congreso desarrollado en Copiap\u00f3, consolidando estos espacios como instancias de encuentro para compartir experiencias y fortalecer el enfoque de humanizaci\u00f3n en salud.<\/p>\n","protected":false},"excerpt":{"rendered":"<p>Valdivia fue sede de la Segunda Jornada de Humanizaci\u00f3n en Salud de Chile La instancia reuni\u00f3 a profesionales y equipos de salud de distintas regiones del pa\u00eds, junto a representantes del \u00e1mbito p\u00fablico y privado, la academia y sociedades cient\u00edficas, para compartir experiencias y reflexionar sobre los desaf\u00edos de avanzar hacia una atenci\u00f3n m\u00e1s cercana [&hellip;]<\/p>\n","protected":false},"author":17,"featured_media":11252,"comment_status":"open","ping_status":"open","sticky":false,"template":"","format":"standard","meta":{"_acf_changed":false,"_uag_custom_page_level_css":"","footnotes":""},"categories":[1],"tags":[],"class_list":["post-11251","post","type-post","status-publish","format-standard","has-post-thumbnail","hentry","category-sin-categoria"],"acf":[],"uagb_featured_image_src":{"full":["https:\/\/www.hbvaldivia.cl\/portal\/wp-content\/uploads\/2026\/08\/JORNADA-HUMA.jpeg",1558,806,false],"thumbnail":["https:\/\/www.hbvaldivia.cl\/portal\/wp-content\/uploads\/2026\/08\/JORNADA-HUMA-150x150.jpeg",150,150,true],"medium":["https:\/\/www.hbvaldivia.cl\/portal\/wp-content\/uploads\/2026\/08\/JORNADA-HUMA-300x155.jpeg",300,155,true],"medium_large":["https:\/\/www.hbvaldivia.cl\/portal\/wp-content\/uploads\/2026\/08\/JORNADA-HUMA.jpeg",1558,806,false],"large":["https:\/\/www.hbvaldivia.cl\/portal\/wp-content\/uploads\/2026\/08\/JORNADA-HUMA-1024x530.jpeg",1024,530,true],"1536x1536":["https:\/\/www.hbvaldivia.cl\/portal\/wp-content\/uploads\/2026\/08\/JORNADA-HUMA-1536x795.jpeg",1536,795,true],"2048x2048":["https:\/\/www.hbvaldivia.cl\/portal\/wp-content\/uploads\/2026\/08\/JORNADA-HUMA.jpeg",1558,806,false],"list_articles_thumbs":["https:\/\/www.hbvaldivia.cl\/portal\/wp-content\/uploads\/2026\/08\/JORNADA-HUMA-400x400.jpeg",400,400,true],"slider_thumbs":["https:\/\/www.hbvaldivia.cl\/portal\/wp-content\/uploads\/2026\/08\/JORNADA-HUMA-387x200.jpeg",387,200,true]},"uagb_author_info":{"display_name":"Barbara Vega","author_link":"https:\/\/www.hbvaldivia.cl\/portal\/index.php\/author\/barbara-vega-ssvredsalud-gob-cl\/"},"uagb_comment_info":0,"uagb_excerpt":"Valdivia fue sede de la Segunda Jornada de Humanizaci\u00f3n en Salud de Chile La instancia reuni\u00f3 a profesionales y equipos de salud de distintas regiones del pa\u00eds, junto a representantes del \u00e1mbito p\u00fablico y privado, la academia y sociedades cient\u00edficas, para compartir experiencias y reflexionar sobre los desaf\u00edos de avanzar hacia una atenci\u00f3n m\u00e1s cercana&hellip;","_links":{"self":[{"href":"https:\/\/www.hbvaldivia.cl\/portal\/index.php\/wp-json\/wp\/v2\/posts\/11251","targetHints":{"allow":["GET"]}}],"collection":[{"href":"https:\/\/www.hbvaldivia.cl\/portal\/index.php\/wp-json\/wp\/v2\/posts"}],"about":[{"href":"https:\/\/www.hbvaldivia.cl\/portal\/index.php\/wp-json\/wp\/v2\/types\/post"}],"author":[{"embeddable":true,"href":"https:\/\/www.hbvaldivia.cl\/portal\/index.php\/wp-json\/wp\/v2\/users\/17"}],"replies":[{"embeddable":true,"href":"https:\/\/www.hbvaldivia.cl\/portal\/index.php\/wp-json\/wp\/v2\/comments?post=11251"}],"version-history":[{"count":7,"href":"https:\/\/www.hbvaldivia.cl\/portal\/index.php\/wp-json\/wp\/v2\/posts\/11251\/revisions"}],"predecessor-version":[{"id":11261,"href":"https:\/\/www.hbvaldivia.cl\/portal\/index.php\/wp-json\/wp\/v2\/posts\/11251\/revisions\/11261"}],"wp:featuredmedia":[{"embeddable":true,"href":"https:\/\/www.hbvaldivia.cl\/portal\/index.php\/wp-json\/wp\/v2\/media\/11252"}],"wp:attachment":[{"href":"https:\/\/www.hbvaldivia.cl\/portal\/index.php\/wp-json\/wp\/v2\/media?parent=11251"}],"wp:term":[{"taxonomy":"category","embeddable":true,"href":"https:\/\/www.hbvaldivia.cl\/portal\/index.php\/wp-json\/wp\/v2\/categories?post=11251"},{"taxonomy":"post_tag","embeddable":true,"href":"https:\/\/www.hbvaldivia.cl\/portal\/index.php\/wp-json\/wp\/v2\/tags?post=11251"}],"curies":[{"name":"wp","href":"https:\/\/api.w.org\/{rel}","templated":true}]}}