{"id":10565,"date":"2026-03-09T10:01:42","date_gmt":"2026-03-09T13:01:42","guid":{"rendered":"http:\/\/10.6.206.88\/portal\/?p=10565"},"modified":"2026-03-23T12:21:55","modified_gmt":"2026-03-23T15:21:55","slug":"caminata-con-motivo-del-cancer-infantil-reunio-a-familias-equipos-de-salud-y-comunidad-en-valdivia","status":"publish","type":"post","link":"https:\/\/www.hbvaldivia.cl\/portal\/index.php\/2026\/03\/09\/caminata-con-motivo-del-cancer-infantil-reunio-a-familias-equipos-de-salud-y-comunidad-en-valdivia\/","title":{"rendered":"Caminata con motivo del C\u00e1ncer Infantil reuni\u00f3 a familias, equipos de salud y comunidad en Valdivia"},"content":{"rendered":"<ul>\n<li><strong>La caminata permiti\u00f3 visibilizar la realidad del c\u00e1ncer infantil y fortalecer redes de apoyo y acompa\u00f1amiento entre familias, comunidad y equipos de salud.<\/strong><\/li>\n<\/ul>\n<p><img fetchpriority=\"high\" decoding=\"async\" class=\"aligncenter size-full wp-image-10566\" src=\"http:\/\/10.6.206.88\/portal\/wp-content\/uploads\/2026\/03\/WhatsApp-Image-2026-03-07-at-14.25.34.jpeg\" alt=\"\" width=\"1280\" height=\"960\" srcset=\"https:\/\/www.hbvaldivia.cl\/portal\/wp-content\/uploads\/2026\/03\/WhatsApp-Image-2026-03-07-at-14.25.34.jpeg 1280w, https:\/\/www.hbvaldivia.cl\/portal\/wp-content\/uploads\/2026\/03\/WhatsApp-Image-2026-03-07-at-14.25.34-300x225.jpeg 300w, https:\/\/www.hbvaldivia.cl\/portal\/wp-content\/uploads\/2026\/03\/WhatsApp-Image-2026-03-07-at-14.25.34-1024x768.jpeg 1024w, https:\/\/www.hbvaldivia.cl\/portal\/wp-content\/uploads\/2026\/03\/WhatsApp-Image-2026-03-07-at-14.25.34-267x200.jpeg 267w\" sizes=\"(max-width: 1280px) 100vw, 1280px\" \/><\/p>\n<p style=\"text-align: justify;\">Con una amplia convocatoria y un ambiente de encuentro y sensibilizaci\u00f3n, cerca de 100 personas participaron en la caminata familiar \u201cCamina con sentido\u201d, actividad realizada en el Parque Collico de Valdivia en el marco de la conmemoraci\u00f3n del D\u00eda Internacional del C\u00e1ncer Infantil.<\/p>\n<p style=\"text-align: justify;\">La iniciativa reuni\u00f3 a familias, equipos de salud, organizaciones y comunidad en general, con el objetivo de visibilizar esta realidad y fortalecer el acompa\u00f1amiento a ni\u00f1as, ni\u00f1os y adolescentes que padecen esta patolog\u00eda.<\/p>\n<p style=\"text-align: justify;\">La actividad fue organizada por la Unidad de Oncohematolog\u00eda Infantil del Hospital Base Valdivia (HBV), en conjunto con el Servicio de Salud Los R\u00edos y la Seremi de Salud de Los R\u00edos, adem\u00e1s del apoyo de instituciones colaboradoras como Oncosur, DKMS, Cl\u00ednica Costanera, Club deportivo de trail \u201cSuavetones\u201d\u00a0y el Comit\u00e9 de Humanizaci\u00f3n del HBV.<\/p>\n<p style=\"text-align: justify;\">La seremi de Salud de Los R\u00edos, Ivone Arre, valor\u00f3 la jornada y se\u00f1al\u00f3 que \u201cesta caminata re\u00fane a familias, ni\u00f1os, ni\u00f1as e instituciones en torno a una causa que nos convoca a todos: visibilizar el c\u00e1ncer infanto adolescente. Como sector salud estamos trabajando bajo el Plan Nacional de C\u00e1ncer Infanto Adolescente, que fortalece el diagn\u00f3stico oportuno y el acceso a tratamiento. Esta es una instancia para sensibilizar a la comunidad, unirnos y reconocer el trabajo de las organizaciones que apoyan a las familias que enfrentan esta enfermedad\u201d.<\/p>\n<p style=\"text-align: justify;\">Desde la Unidad de Oncohematolog\u00eda Infantil del HBV, la psic\u00f3loga Claudia Gallegos valor\u00f3 positivamente la actividad, se\u00f1alando que \u201cfue una jornada profundamente significativa para nuestras familias y pacientes. Ver a la comunidad reunida en torno al apoyo y la esperanza fortalece el bienestar emocional de los ni\u00f1os y ni\u00f1as, y reafirma que no est\u00e1n solos en este proceso. Adem\u00e1s, la inclusi\u00f3n de toda la comunidad en estas instancias permite fortalecer las redes de apoyo que acompa\u00f1an a nuestros pacientes y sus familias\u201d.<\/p>\n<p style=\"text-align: justify;\">La caminata \u201cCamina con sentido\u201d se desarroll\u00f3 en un ambiente familiar y participativo, donde asistentes portaron accesorios amarillos y dorados como s\u00edmbolo de esperanza y apoyo, reafirmando el compromiso del sector salud y la comunidad con la sensibilizaci\u00f3n y el acompa\u00f1amiento a ni\u00f1as, ni\u00f1os y adolescentes que enfrentan el c\u00e1ncer infantil.<\/p>\n<p style=\"text-align: justify;\">En este contexto, el Hospital Base Valdivia cumple un rol estrat\u00e9gico en la atenci\u00f3n oncol\u00f3gica pedi\u00e1trica del sur del pa\u00eds, al albergar el Centro Integral del Programa Infantil Nacional de Drogas Antineopl\u00e1sicas (PINDA), el m\u00e1s austral de la macrozona sur. Este programa brinda diagn\u00f3stico, tratamiento y seguimiento a pacientes pedi\u00e1tricos oncol\u00f3gicos, recibiendo cada a\u00f1o cerca de 50 nuevos casos provenientes de la regi\u00f3n de Los R\u00edos y tambi\u00e9n de zonas como Los Lagos, Ays\u00e9n y Magallanes, lo que refuerza la importancia de generar instancias comunitarias de sensibilizaci\u00f3n y apoyo como la caminata realizada.<\/p>\n<p><img decoding=\"async\" class=\"aligncenter size-large wp-image-10567\" src=\"http:\/\/10.6.206.88\/portal\/wp-content\/uploads\/2026\/03\/WhatsApp-Image-2026-03-07-at-14.25.36-768x1024.jpeg\" alt=\"\" width=\"768\" height=\"1024\" srcset=\"https:\/\/www.hbvaldivia.cl\/portal\/wp-content\/uploads\/2026\/03\/WhatsApp-Image-2026-03-07-at-14.25.36-768x1024.jpeg 768w, https:\/\/www.hbvaldivia.cl\/portal\/wp-content\/uploads\/2026\/03\/WhatsApp-Image-2026-03-07-at-14.25.36-225x300.jpeg 225w, https:\/\/www.hbvaldivia.cl\/portal\/wp-content\/uploads\/2026\/03\/WhatsApp-Image-2026-03-07-at-14.25.36-150x200.jpeg 150w, https:\/\/www.hbvaldivia.cl\/portal\/wp-content\/uploads\/2026\/03\/WhatsApp-Image-2026-03-07-at-14.25.36.jpeg 960w\" sizes=\"(max-width: 768px) 100vw, 768px\" \/><\/p>\n<p><img decoding=\"async\" class=\"aligncenter size-large wp-image-10568\" src=\"http:\/\/10.6.206.88\/portal\/wp-content\/uploads\/2026\/03\/WhatsApp-Image-2026-03-07-at-14.25.35-768x1024.jpeg\" alt=\"\" width=\"768\" height=\"1024\" srcset=\"https:\/\/www.hbvaldivia.cl\/portal\/wp-content\/uploads\/2026\/03\/WhatsApp-Image-2026-03-07-at-14.25.35-768x1024.jpeg 768w, https:\/\/www.hbvaldivia.cl\/portal\/wp-content\/uploads\/2026\/03\/WhatsApp-Image-2026-03-07-at-14.25.35-225x300.jpeg 225w, https:\/\/www.hbvaldivia.cl\/portal\/wp-content\/uploads\/2026\/03\/WhatsApp-Image-2026-03-07-at-14.25.35-150x200.jpeg 150w, https:\/\/www.hbvaldivia.cl\/portal\/wp-content\/uploads\/2026\/03\/WhatsApp-Image-2026-03-07-at-14.25.35.jpeg 960w\" sizes=\"(max-width: 768px) 100vw, 768px\" \/><\/p>\n<p><img loading=\"lazy\" decoding=\"async\" class=\"aligncenter size-large wp-image-10569\" src=\"http:\/\/10.6.206.88\/portal\/wp-content\/uploads\/2026\/03\/WhatsApp-Image-2026-03-07-at-14.25.49-768x1024.jpeg\" alt=\"\" width=\"768\" height=\"1024\" srcset=\"https:\/\/www.hbvaldivia.cl\/portal\/wp-content\/uploads\/2026\/03\/WhatsApp-Image-2026-03-07-at-14.25.49-768x1024.jpeg 768w, https:\/\/www.hbvaldivia.cl\/portal\/wp-content\/uploads\/2026\/03\/WhatsApp-Image-2026-03-07-at-14.25.49-225x300.jpeg 225w, https:\/\/www.hbvaldivia.cl\/portal\/wp-content\/uploads\/2026\/03\/WhatsApp-Image-2026-03-07-at-14.25.49-150x200.jpeg 150w, https:\/\/www.hbvaldivia.cl\/portal\/wp-content\/uploads\/2026\/03\/WhatsApp-Image-2026-03-07-at-14.25.49.jpeg 960w\" sizes=\"(max-width: 768px) 100vw, 768px\" \/><\/p>\n<p><img loading=\"lazy\" decoding=\"async\" class=\"aligncenter size-large wp-image-10570\" src=\"http:\/\/10.6.206.88\/portal\/wp-content\/uploads\/2026\/03\/WhatsApp-Image-2026-03-07-at-14.25.46-1-1024x768.jpeg\" alt=\"\" width=\"1024\" height=\"768\" srcset=\"https:\/\/www.hbvaldivia.cl\/portal\/wp-content\/uploads\/2026\/03\/WhatsApp-Image-2026-03-07-at-14.25.46-1-1024x768.jpeg 1024w, https:\/\/www.hbvaldivia.cl\/portal\/wp-content\/uploads\/2026\/03\/WhatsApp-Image-2026-03-07-at-14.25.46-1-300x225.jpeg 300w, https:\/\/www.hbvaldivia.cl\/portal\/wp-content\/uploads\/2026\/03\/WhatsApp-Image-2026-03-07-at-14.25.46-1-267x200.jpeg 267w, https:\/\/www.hbvaldivia.cl\/portal\/wp-content\/uploads\/2026\/03\/WhatsApp-Image-2026-03-07-at-14.25.46-1.jpeg 1280w\" sizes=\"(max-width: 1024px) 100vw, 1024px\" \/><\/p>\n<p><img loading=\"lazy\" decoding=\"async\" class=\"aligncenter size-large wp-image-10571\" src=\"http:\/\/10.6.206.88\/portal\/wp-content\/uploads\/2026\/03\/WhatsApp-Image-2026-03-07-at-14.25.46-1024x768.jpeg\" alt=\"\" width=\"1024\" height=\"768\" srcset=\"https:\/\/www.hbvaldivia.cl\/portal\/wp-content\/uploads\/2026\/03\/WhatsApp-Image-2026-03-07-at-14.25.46-1024x768.jpeg 1024w, https:\/\/www.hbvaldivia.cl\/portal\/wp-content\/uploads\/2026\/03\/WhatsApp-Image-2026-03-07-at-14.25.46-300x225.jpeg 300w, https:\/\/www.hbvaldivia.cl\/portal\/wp-content\/uploads\/2026\/03\/WhatsApp-Image-2026-03-07-at-14.25.46-267x200.jpeg 267w, https:\/\/www.hbvaldivia.cl\/portal\/wp-content\/uploads\/2026\/03\/WhatsApp-Image-2026-03-07-at-14.25.46.jpeg 1280w\" sizes=\"(max-width: 1024px) 100vw, 1024px\" \/><\/p>\n<p><img loading=\"lazy\" decoding=\"async\" class=\"aligncenter size-large wp-image-10572\" src=\"http:\/\/10.6.206.88\/portal\/wp-content\/uploads\/2026\/03\/WhatsApp-Image-2026-03-07-at-14.25.36-1-768x1024.jpeg\" alt=\"\" width=\"768\" height=\"1024\" srcset=\"https:\/\/www.hbvaldivia.cl\/portal\/wp-content\/uploads\/2026\/03\/WhatsApp-Image-2026-03-07-at-14.25.36-1-768x1024.jpeg 768w, https:\/\/www.hbvaldivia.cl\/portal\/wp-content\/uploads\/2026\/03\/WhatsApp-Image-2026-03-07-at-14.25.36-1-225x300.jpeg 225w, https:\/\/www.hbvaldivia.cl\/portal\/wp-content\/uploads\/2026\/03\/WhatsApp-Image-2026-03-07-at-14.25.36-1-150x200.jpeg 150w, https:\/\/www.hbvaldivia.cl\/portal\/wp-content\/uploads\/2026\/03\/WhatsApp-Image-2026-03-07-at-14.25.36-1.jpeg 960w\" sizes=\"(max-width: 768px) 100vw, 768px\" \/><\/p>\n<p>&nbsp;<\/p>\n","protected":false},"excerpt":{"rendered":"<p>La caminata permiti\u00f3 visibilizar la realidad del c\u00e1ncer infantil y fortalecer redes de apoyo y acompa\u00f1amiento entre familias, comunidad y equipos de salud. Con una amplia convocatoria y un ambiente de encuentro y sensibilizaci\u00f3n, cerca de 100 personas participaron en la caminata familiar \u201cCamina con sentido\u201d, actividad realizada en el Parque Collico de Valdivia en [&hellip;]<\/p>\n","protected":false},"author":17,"featured_media":10566,"comment_status":"open","ping_status":"open","sticky":false,"template":"","format":"standard","meta":{"_acf_changed":false,"_uag_custom_page_level_css":"","footnotes":""},"categories":[5],"tags":[],"class_list":["post-10565","post","type-post","status-publish","format-standard","has-post-thumbnail","hentry","category-noticias"],"acf":[],"uagb_featured_image_src":{"full":["https:\/\/www.hbvaldivia.cl\/portal\/wp-content\/uploads\/2026\/03\/WhatsApp-Image-2026-03-07-at-14.25.34.jpeg",1280,960,false],"thumbnail":["https:\/\/www.hbvaldivia.cl\/portal\/wp-content\/uploads\/2026\/03\/WhatsApp-Image-2026-03-07-at-14.25.34-150x150.jpeg",150,150,true],"medium":["https:\/\/www.hbvaldivia.cl\/portal\/wp-content\/uploads\/2026\/03\/WhatsApp-Image-2026-03-07-at-14.25.34-300x225.jpeg",300,225,true],"medium_large":["https:\/\/www.hbvaldivia.cl\/portal\/wp-content\/uploads\/2026\/03\/WhatsApp-Image-2026-03-07-at-14.25.34.jpeg",1280,960,false],"large":["https:\/\/www.hbvaldivia.cl\/portal\/wp-content\/uploads\/2026\/03\/WhatsApp-Image-2026-03-07-at-14.25.34-1024x768.jpeg",1024,768,true],"1536x1536":["https:\/\/www.hbvaldivia.cl\/portal\/wp-content\/uploads\/2026\/03\/WhatsApp-Image-2026-03-07-at-14.25.34.jpeg",1280,960,false],"2048x2048":["https:\/\/www.hbvaldivia.cl\/portal\/wp-content\/uploads\/2026\/03\/WhatsApp-Image-2026-03-07-at-14.25.34.jpeg",1280,960,false],"list_articles_thumbs":["https:\/\/www.hbvaldivia.cl\/portal\/wp-content\/uploads\/2026\/03\/WhatsApp-Image-2026-03-07-at-14.25.34-400x400.jpeg",400,400,true],"slider_thumbs":["https:\/\/www.hbvaldivia.cl\/portal\/wp-content\/uploads\/2026\/03\/WhatsApp-Image-2026-03-07-at-14.25.34-267x200.jpeg",267,200,true]},"uagb_author_info":{"display_name":"Barbara Vega","author_link":"https:\/\/www.hbvaldivia.cl\/portal\/index.php\/author\/barbara-vega-ssvredsalud-gob-cl\/"},"uagb_comment_info":0,"uagb_excerpt":"La caminata permiti\u00f3 visibilizar la realidad del c\u00e1ncer infantil y fortalecer redes de apoyo y acompa\u00f1amiento entre familias, comunidad y equipos de salud. Con una amplia convocatoria y un ambiente de encuentro y sensibilizaci\u00f3n, cerca de 100 personas participaron en la caminata familiar \u201cCamina con sentido\u201d, actividad realizada en el Parque Collico de Valdivia en&hellip;","_links":{"self":[{"href":"https:\/\/www.hbvaldivia.cl\/portal\/index.php\/wp-json\/wp\/v2\/posts\/10565","targetHints":{"allow":["GET"]}}],"collection":[{"href":"https:\/\/www.hbvaldivia.cl\/portal\/index.php\/wp-json\/wp\/v2\/posts"}],"about":[{"href":"https:\/\/www.hbvaldivia.cl\/portal\/index.php\/wp-json\/wp\/v2\/types\/post"}],"author":[{"embeddable":true,"href":"https:\/\/www.hbvaldivia.cl\/portal\/index.php\/wp-json\/wp\/v2\/users\/17"}],"replies":[{"embeddable":true,"href":"https:\/\/www.hbvaldivia.cl\/portal\/index.php\/wp-json\/wp\/v2\/comments?post=10565"}],"version-history":[{"count":2,"href":"https:\/\/www.hbvaldivia.cl\/portal\/index.php\/wp-json\/wp\/v2\/posts\/10565\/revisions"}],"predecessor-version":[{"id":10680,"href":"https:\/\/www.hbvaldivia.cl\/portal\/index.php\/wp-json\/wp\/v2\/posts\/10565\/revisions\/10680"}],"wp:featuredmedia":[{"embeddable":true,"href":"https:\/\/www.hbvaldivia.cl\/portal\/index.php\/wp-json\/wp\/v2\/media\/10566"}],"wp:attachment":[{"href":"https:\/\/www.hbvaldivia.cl\/portal\/index.php\/wp-json\/wp\/v2\/media?parent=10565"}],"wp:term":[{"taxonomy":"category","embeddable":true,"href":"https:\/\/www.hbvaldivia.cl\/portal\/index.php\/wp-json\/wp\/v2\/categories?post=10565"},{"taxonomy":"post_tag","embeddable":true,"href":"https:\/\/www.hbvaldivia.cl\/portal\/index.php\/wp-json\/wp\/v2\/tags?post=10565"}],"curies":[{"name":"wp","href":"https:\/\/api.w.org\/{rel}","templated":true}]}}