{"id":10015,"date":"2025-11-13T11:42:32","date_gmt":"2025-11-13T14:42:32","guid":{"rendered":"http:\/\/10.6.206.88\/portal\/?p=10015"},"modified":"2025-11-13T11:45:51","modified_gmt":"2025-11-13T14:45:51","slug":"hospital-base-valdivia-concreta-traslado-de-atenciones-ambulatorias-al-edificio-ex-surmedica-de-la-universidad-san-sebastian","status":"publish","type":"post","link":"https:\/\/www.hbvaldivia.cl\/portal\/index.php\/2025\/11\/13\/hospital-base-valdivia-concreta-traslado-de-atenciones-ambulatorias-al-edificio-ex-surmedica-de-la-universidad-san-sebastian\/","title":{"rendered":"Hospital Base Valdivia concreta traslado de atenciones ambulatorias al edificio Ex Surm\u00e9dica de la Universidad San Sebasti\u00e1n"},"content":{"rendered":"<ul>\n<li>El traslado se enmarca en el Plan de Redise\u00f1o Estrat\u00e9gico y Optimizaci\u00f3n de Espacios que desarrolla el hospital. El proceso comenzar\u00e1 con la especialidad de Oftalmolog\u00eda, para continuar con Pediatr\u00eda, Geriatr\u00eda, Ginecolog\u00eda Infantil e Infertilidad.\u00a0<\/li>\n<\/ul>\n<p><img fetchpriority=\"high\" decoding=\"async\" class=\"aligncenter size-full wp-image-10016\" src=\"http:\/\/10.6.206.88\/portal\/wp-content\/uploads\/2025\/11\/4-1.jpg\" alt=\"\" width=\"1280\" height=\"960\" srcset=\"https:\/\/www.hbvaldivia.cl\/portal\/wp-content\/uploads\/2025\/11\/4-1.jpg 1280w, https:\/\/www.hbvaldivia.cl\/portal\/wp-content\/uploads\/2025\/11\/4-1-300x225.jpg 300w, https:\/\/www.hbvaldivia.cl\/portal\/wp-content\/uploads\/2025\/11\/4-1-1024x768.jpg 1024w, https:\/\/www.hbvaldivia.cl\/portal\/wp-content\/uploads\/2025\/11\/4-1-267x200.jpg 267w\" sizes=\"(max-width: 1280px) 100vw, 1280px\" \/><\/p>\n<p>Acorde con la planificaci\u00f3n establecida en su <strong>Plan de Redise\u00f1o Estrat\u00e9gico y Optimizaci\u00f3n de Espacios<\/strong>, el Hospital Base Valdivia (HBV) desarrollar\u00e1 durante los meses de noviembre y diciembre el traslado de las atenciones ambulatorias en cinco especialidades, al edificio Ex Surm\u00e9dica, que desde 2024 es propiedad de la Universidad San Sebasti\u00e1n (USS).<\/p>\n<p>Esta acci\u00f3n tiene por objetivo optimizar la infraestructura existente, fortalecer la capacidad asistencial y mejorar las condiciones de atenci\u00f3n para pacientes y condiciones laborales para funcionarios.<\/p>\n<p>Se enmarca en un acuerdo colaborativo entre ambas instituciones, sustentado en el convenio docente asistencial vigente.<\/p>\n<p>El director del Hospital Base Valdivia, Erick Vargas, explic\u00f3 que \u201cestas nuevas dependencias, que superan los 600 metros cuadrados distribuidos entre el tercer y cuarto piso del edificio Ex Surm\u00e9dica de la USS, <strong>nos permitir\u00e1 habilitar 28 box de atenci\u00f3n<\/strong> para fortalecer la atenci\u00f3n ambulatoria, optimizar el uso de la infraestructura y mejorar las condiciones de trabajo de nuestros equipos de salud, junto con brindar atenci\u00f3n integral y resolutiva a nuestros usuarios\u201d.<\/p>\n<p>El director del HBV tambi\u00e9n explic\u00f3 que \u201cesta estrategia no solo optimiza la distribuci\u00f3n de nuestros servicios asistenciales, sino que tambi\u00e9n refuerza la capacidad del hospital para responder al crecimiento sostenido de la demanda y adaptarse a los desaf\u00edos actuales y futuros de la salud de nuestra regi\u00f3n. Hemos realizado importantes esfuerzos para incorporar <strong>nuevos especialistas<\/strong>, lo que nos permite <strong>fortalecer la atenci\u00f3n<\/strong> y <strong>brindar un mejor servicio a nuestros usuarios<\/strong>. Este cambio no es improvisado: forma parte de un proceso planificado de expansi\u00f3n y normalizaci\u00f3n de infraestructura a\u00f1osa y deficitaria, ello a la espera de la normalizaci\u00f3n del nuevo Hospital de Alta Complejidad para la regi\u00f3n de Los R\u00edos\u201d.<\/p>\n<p><strong>Traslado gradual y progresivo<\/strong><\/p>\n<p>Acorde al cronograma, el proceso de traslado de las cinco especialidades en su nivel ambulatorio, se desarrollar\u00e1 de manera gradual y progresiva durante los meses de noviembre y diciembre, proyect\u00e1ndose que a enero de 2026 se encuentren funcionando plenamente en su <strong>nueva ubicaci\u00f3n Avenida Francia N\u00b0 1655<\/strong>, a pasos del hospital.<\/p>\n<p>La primera etapa considera el traslado de la <strong>especialidad de Oftalmolog\u00eda<\/strong>, actualmente operativa en Cl\u00ednica Costanera de Valdivia. Esta funcionar\u00e1 en el cuarto piso del edificio a partir del <strong>lunes 17 de noviembre, iniciando con los primeros usuarios agendados.<\/strong><\/p>\n<p>Durante el mes de diciembre se llevar\u00e1 a cabo el traslado de las atenciones ambulatorias (consultas) de <strong>Pediatr\u00eda, Geriatr\u00eda, Ginecolog\u00eda Infantil e Infertilidad,<\/strong> en el tercer piso.<\/p>\n<p>Las atenciones ambulatorias de estas cinco especialidades se desarrollar\u00e1n de manera integral, concentrando las prestaciones de estas \u00e1reas en un mismo lugar, evitando desplazamientos innecesarios para los usuarios.<\/p>\n<p><strong>Usuarios y funcionarios informados<\/strong><\/p>\n<p>Igualmente, el proceso completo de traslado, que incluye preparaci\u00f3n, ejecuci\u00f3n y comienzo de atenciones en las nuevas dependencias, contempla un plan de comunicaciones para informar a usuarios y funcionarios.<\/p>\n<p>Para los <strong>usuarios<\/strong> se est\u00e1 realizando un trabajo de contactabilidad, informando y agendando las pr\u00f3ximas atenciones que ya corresponden en la nueva ubicaci\u00f3n. Asimismo, se inici\u00f3 un cronograma de difusi\u00f3n en canales institucionales y medios de comunicaci\u00f3n masivos de la regi\u00f3n.<\/p>\n<p>En el <strong>\u00e1mbito interno<\/strong>, dirigido a los funcionarios del hospital, se ha coordinado con los equipos involucrados en las atenciones que ser\u00e1n trasladadas y se ha iniciado la difusi\u00f3n de informaci\u00f3n a todos los trabajadores a trav\u00e9s de los canales institucionales.<\/p>\n<p><img decoding=\"async\" class=\"aligncenter size-large wp-image-10017\" src=\"http:\/\/10.6.206.88\/portal\/wp-content\/uploads\/2025\/11\/2-1024x768.jpg\" alt=\"\" width=\"1024\" height=\"768\" srcset=\"https:\/\/www.hbvaldivia.cl\/portal\/wp-content\/uploads\/2025\/11\/2-1024x768.jpg 1024w, https:\/\/www.hbvaldivia.cl\/portal\/wp-content\/uploads\/2025\/11\/2-300x225.jpg 300w, https:\/\/www.hbvaldivia.cl\/portal\/wp-content\/uploads\/2025\/11\/2-267x200.jpg 267w, https:\/\/www.hbvaldivia.cl\/portal\/wp-content\/uploads\/2025\/11\/2.jpg 1280w\" sizes=\"(max-width: 1024px) 100vw, 1024px\" \/><\/p>\n<p><img decoding=\"async\" class=\"aligncenter size-large wp-image-10018\" src=\"http:\/\/10.6.206.88\/portal\/wp-content\/uploads\/2025\/11\/1-2-1024x768.jpg\" alt=\"\" width=\"1024\" height=\"768\" srcset=\"https:\/\/www.hbvaldivia.cl\/portal\/wp-content\/uploads\/2025\/11\/1-2-1024x768.jpg 1024w, https:\/\/www.hbvaldivia.cl\/portal\/wp-content\/uploads\/2025\/11\/1-2-300x225.jpg 300w, https:\/\/www.hbvaldivia.cl\/portal\/wp-content\/uploads\/2025\/11\/1-2-267x200.jpg 267w, https:\/\/www.hbvaldivia.cl\/portal\/wp-content\/uploads\/2025\/11\/1-2.jpg 1280w\" sizes=\"(max-width: 1024px) 100vw, 1024px\" \/><\/p>\n","protected":false},"excerpt":{"rendered":"<p>El traslado se enmarca en el Plan de Redise\u00f1o Estrat\u00e9gico y Optimizaci\u00f3n de Espacios que desarrolla el hospital. El proceso comenzar\u00e1 con la especialidad de Oftalmolog\u00eda, para continuar con Pediatr\u00eda, Geriatr\u00eda, Ginecolog\u00eda Infantil e Infertilidad.\u00a0 Acorde con la planificaci\u00f3n establecida en su Plan de Redise\u00f1o Estrat\u00e9gico y Optimizaci\u00f3n de Espacios, el Hospital Base Valdivia (HBV) [&hellip;]<\/p>\n","protected":false},"author":17,"featured_media":10021,"comment_status":"open","ping_status":"open","sticky":false,"template":"","format":"standard","meta":{"_acf_changed":false,"_uag_custom_page_level_css":"","footnotes":""},"categories":[56,5],"tags":[],"class_list":["post-10015","post","type-post","status-publish","format-standard","has-post-thumbnail","hentry","category-destacada","category-noticias"],"acf":[],"uagb_featured_image_src":{"full":["https:\/\/www.hbvaldivia.cl\/portal\/wp-content\/uploads\/2025\/11\/4-1-1.jpg",1280,960,false],"thumbnail":["https:\/\/www.hbvaldivia.cl\/portal\/wp-content\/uploads\/2025\/11\/4-1-1-150x150.jpg",150,150,true],"medium":["https:\/\/www.hbvaldivia.cl\/portal\/wp-content\/uploads\/2025\/11\/4-1-1-300x225.jpg",300,225,true],"medium_large":["https:\/\/www.hbvaldivia.cl\/portal\/wp-content\/uploads\/2025\/11\/4-1-1.jpg",1280,960,false],"large":["https:\/\/www.hbvaldivia.cl\/portal\/wp-content\/uploads\/2025\/11\/4-1-1-1024x768.jpg",1024,768,true],"1536x1536":["https:\/\/www.hbvaldivia.cl\/portal\/wp-content\/uploads\/2025\/11\/4-1-1.jpg",1280,960,false],"2048x2048":["https:\/\/www.hbvaldivia.cl\/portal\/wp-content\/uploads\/2025\/11\/4-1-1.jpg",1280,960,false],"list_articles_thumbs":["https:\/\/www.hbvaldivia.cl\/portal\/wp-content\/uploads\/2025\/11\/4-1-1-400x400.jpg",400,400,true],"slider_thumbs":["https:\/\/www.hbvaldivia.cl\/portal\/wp-content\/uploads\/2025\/11\/4-1-1-267x200.jpg",267,200,true]},"uagb_author_info":{"display_name":"Barbara Vega","author_link":"https:\/\/www.hbvaldivia.cl\/portal\/index.php\/author\/barbara-vega-ssvredsalud-gob-cl\/"},"uagb_comment_info":0,"uagb_excerpt":"El traslado se enmarca en el Plan de Redise\u00f1o Estrat\u00e9gico y Optimizaci\u00f3n de Espacios que desarrolla el hospital. El proceso comenzar\u00e1 con la especialidad de Oftalmolog\u00eda, para continuar con Pediatr\u00eda, Geriatr\u00eda, Ginecolog\u00eda Infantil e Infertilidad.\u00a0 Acorde con la planificaci\u00f3n establecida en su Plan de Redise\u00f1o Estrat\u00e9gico y Optimizaci\u00f3n de Espacios, el Hospital Base Valdivia (HBV)&hellip;","_links":{"self":[{"href":"https:\/\/www.hbvaldivia.cl\/portal\/index.php\/wp-json\/wp\/v2\/posts\/10015","targetHints":{"allow":["GET"]}}],"collection":[{"href":"https:\/\/www.hbvaldivia.cl\/portal\/index.php\/wp-json\/wp\/v2\/posts"}],"about":[{"href":"https:\/\/www.hbvaldivia.cl\/portal\/index.php\/wp-json\/wp\/v2\/types\/post"}],"author":[{"embeddable":true,"href":"https:\/\/www.hbvaldivia.cl\/portal\/index.php\/wp-json\/wp\/v2\/users\/17"}],"replies":[{"embeddable":true,"href":"https:\/\/www.hbvaldivia.cl\/portal\/index.php\/wp-json\/wp\/v2\/comments?post=10015"}],"version-history":[{"count":2,"href":"https:\/\/www.hbvaldivia.cl\/portal\/index.php\/wp-json\/wp\/v2\/posts\/10015\/revisions"}],"predecessor-version":[{"id":10022,"href":"https:\/\/www.hbvaldivia.cl\/portal\/index.php\/wp-json\/wp\/v2\/posts\/10015\/revisions\/10022"}],"wp:featuredmedia":[{"embeddable":true,"href":"https:\/\/www.hbvaldivia.cl\/portal\/index.php\/wp-json\/wp\/v2\/media\/10021"}],"wp:attachment":[{"href":"https:\/\/www.hbvaldivia.cl\/portal\/index.php\/wp-json\/wp\/v2\/media?parent=10015"}],"wp:term":[{"taxonomy":"category","embeddable":true,"href":"https:\/\/www.hbvaldivia.cl\/portal\/index.php\/wp-json\/wp\/v2\/categories?post=10015"},{"taxonomy":"post_tag","embeddable":true,"href":"https:\/\/www.hbvaldivia.cl\/portal\/index.php\/wp-json\/wp\/v2\/tags?post=10015"}],"curies":[{"name":"wp","href":"https:\/\/api.w.org\/{rel}","templated":true}]}}